{"id":43,"count":6,"description":"Color, corte y cuidado capilar en manos de estilistas expertos.","link":"https:\/\/arans.estrategiaspublicarte.com\/wpnew\/categoria-producto\/salon-de-peluqueria\/","name":"Sal\u00f3n de Peluquer\u00eda","slug":"salon-de-peluqueria","taxonomy":"product_cat","parent":0,"meta":[],"menu_order":8,"yoast_head":"<!-- This site is optimized with the Yoast SEO plugin v27.6 - https:\/\/yoast.com\/product\/yoast-seo-wordpress\/ -->\n<title>Sal\u00f3n de Peluquer\u00eda archivos - Depilaci\u00f3n Laser Arans<\/title>\n<meta name=\"robots\" content=\"index, follow, max-snippet:-1, max-image-preview:large, max-video-preview:-1\" \/>\n<link rel=\"canonical\" href=\"https:\/\/arans.estrategiaspublicarte.com\/wpnew\/categoria-producto\/salon-de-peluqueria\/\" \/>\n<meta property=\"og:locale\" content=\"es_ES\" \/>\n<meta property=\"og:type\" content=\"article\" \/>\n<meta property=\"og:title\" content=\"Sal\u00f3n de Peluquer\u00eda archivos - Depilaci\u00f3n Laser Arans\" \/>\n<meta property=\"og:description\" content=\"Color, corte y cuidado capilar en manos de estilistas expertos.\" \/>\n<meta property=\"og:url\" content=\"https:\/\/arans.estrategiaspublicarte.com\/wpnew\/categoria-producto\/salon-de-peluqueria\/\" \/>\n<meta property=\"og:site_name\" content=\"Depilaci\u00f3n Laser Arans\" \/>\n<meta name=\"twitter:card\" content=\"summary_large_image\" \/>\n<script type=\"application\/ld+json\" class=\"yoast-schema-graph\">{\"@context\":\"https:\\\/\\\/schema.org\",\"@graph\":[{\"@type\":\"CollectionPage\",\"@id\":\"https:\\\/\\\/arans.estrategiaspublicarte.com\\\/wpnew\\\/categoria-producto\\\/salon-de-peluqueria\\\/\",\"url\":\"https:\\\/\\\/arans.estrategiaspublicarte.com\\\/wpnew\\\/categoria-producto\\\/salon-de-peluqueria\\\/\",\"name\":\"Sal\u00f3n de Peluquer\u00eda archivos - Depilaci\u00f3n Laser Arans\",\"isPartOf\":{\"@id\":\"https:\\\/\\\/arans.estrategiaspublicarte.com\\\/wpnew\\\/#website\"},\"breadcrumb\":{\"@id\":\"https:\\\/\\\/arans.estrategiaspublicarte.com\\\/wpnew\\\/categoria-producto\\\/salon-de-peluqueria\\\/#breadcrumb\"},\"inLanguage\":\"es\"},{\"@type\":\"BreadcrumbList\",\"@id\":\"https:\\\/\\\/arans.estrategiaspublicarte.com\\\/wpnew\\\/categoria-producto\\\/salon-de-peluqueria\\\/#breadcrumb\",\"itemListElement\":[{\"@type\":\"ListItem\",\"position\":1,\"name\":\"Portada\",\"item\":\"https:\\\/\\\/arans.estrategiaspublicarte.com\\\/wpnew\\\/\"},{\"@type\":\"ListItem\",\"position\":2,\"name\":\"Sal\u00f3n de Peluquer\u00eda\"}]},{\"@type\":\"WebSite\",\"@id\":\"https:\\\/\\\/arans.estrategiaspublicarte.com\\\/wpnew\\\/#website\",\"url\":\"https:\\\/\\\/arans.estrategiaspublicarte.com\\\/wpnew\\\/\",\"name\":\"Depilaci\u00f3n Laser Arans\",\"description\":\"Centro M\u00e9dico Est\u00e9tico Avil\u00e9s. Belleza y Salud\",\"potentialAction\":[{\"@type\":\"SearchAction\",\"target\":{\"@type\":\"EntryPoint\",\"urlTemplate\":\"https:\\\/\\\/arans.estrategiaspublicarte.com\\\/wpnew\\\/?s={search_term_string}\"},\"query-input\":{\"@type\":\"PropertyValueSpecification\",\"valueRequired\":true,\"valueName\":\"search_term_string\"}}],\"inLanguage\":\"es\"}]}<\/script>\n<!-- \/ Yoast SEO plugin. -->","yoast_head_json":{"title":"Sal\u00f3n de Peluquer\u00eda archivos - Depilaci\u00f3n Laser Arans","robots":{"index":"index","follow":"follow","max-snippet":"max-snippet:-1","max-image-preview":"max-image-preview:large","max-video-preview":"max-video-preview:-1"},"canonical":"https:\/\/arans.estrategiaspublicarte.com\/wpnew\/categoria-producto\/salon-de-peluqueria\/","og_locale":"es_ES","og_type":"article","og_title":"Sal\u00f3n de Peluquer\u00eda archivos - Depilaci\u00f3n Laser Arans","og_description":"Color, corte y cuidado capilar en manos de estilistas expertos.","og_url":"https:\/\/arans.estrategiaspublicarte.com\/wpnew\/categoria-producto\/salon-de-peluqueria\/","og_site_name":"Depilaci\u00f3n Laser Arans","twitter_card":"summary_large_image","schema":{"@context":"https:\/\/schema.org","@graph":[{"@type":"CollectionPage","@id":"https:\/\/arans.estrategiaspublicarte.com\/wpnew\/categoria-producto\/salon-de-peluqueria\/","url":"https:\/\/arans.estrategiaspublicarte.com\/wpnew\/categoria-producto\/salon-de-peluqueria\/","name":"Sal\u00f3n de Peluquer\u00eda archivos - Depilaci\u00f3n Laser Arans","isPartOf":{"@id":"https:\/\/arans.estrategiaspublicarte.com\/wpnew\/#website"},"breadcrumb":{"@id":"https:\/\/arans.estrategiaspublicarte.com\/wpnew\/categoria-producto\/salon-de-peluqueria\/#breadcrumb"},"inLanguage":"es"},{"@type":"BreadcrumbList","@id":"https:\/\/arans.estrategiaspublicarte.com\/wpnew\/categoria-producto\/salon-de-peluqueria\/#breadcrumb","itemListElement":[{"@type":"ListItem","position":1,"name":"Portada","item":"https:\/\/arans.estrategiaspublicarte.com\/wpnew\/"},{"@type":"ListItem","position":2,"name":"Sal\u00f3n de Peluquer\u00eda"}]},{"@type":"WebSite","@id":"https:\/\/arans.estrategiaspublicarte.com\/wpnew\/#website","url":"https:\/\/arans.estrategiaspublicarte.com\/wpnew\/","name":"Depilaci\u00f3n Laser Arans","description":"Centro M\u00e9dico Est\u00e9tico Avil\u00e9s. Belleza y Salud","potentialAction":[{"@type":"SearchAction","target":{"@type":"EntryPoint","urlTemplate":"https:\/\/arans.estrategiaspublicarte.com\/wpnew\/?s={search_term_string}"},"query-input":{"@type":"PropertyValueSpecification","valueRequired":true,"valueName":"search_term_string"}}],"inLanguage":"es"}]}},"_links":{"self":[{"href":"https:\/\/arans.estrategiaspublicarte.com\/wpnew\/wp-json\/wp\/v2\/product_cat\/43","targetHints":{"allow":["GET"]}}],"collection":[{"href":"https:\/\/arans.estrategiaspublicarte.com\/wpnew\/wp-json\/wp\/v2\/product_cat"}],"about":[{"href":"https:\/\/arans.estrategiaspublicarte.com\/wpnew\/wp-json\/wp\/v2\/taxonomies\/product_cat"}],"wp:post_type":[{"href":"https:\/\/arans.estrategiaspublicarte.com\/wpnew\/wp-json\/wp\/v2\/product?product_cat=43"}],"curies":[{"name":"wp","href":"https:\/\/api.w.org\/{rel}","templated":true}]}}