{"id":42,"count":1,"description":"Bronceado uniforme y duradero con equipos profesionales de alta potencia en nuestro solarium de Avil\u00e9s.","link":"https:\/\/arans.estrategiaspublicarte.com\/wpnew\/categoria-producto\/centro-de-bronceado-arans\/","name":"Centro de Bronceado","slug":"centro-de-bronceado-arans","taxonomy":"product_cat","parent":0,"meta":[],"menu_order":3,"yoast_head":"<!-- This site is optimized with the Yoast SEO plugin v27.6 - https:\/\/yoast.com\/product\/yoast-seo-wordpress\/ -->\n<title>Centro de Bronceado archivos - Depilaci\u00f3n Laser Arans<\/title>\n<meta name=\"robots\" content=\"index, follow, max-snippet:-1, max-image-preview:large, max-video-preview:-1\" \/>\n<link rel=\"canonical\" href=\"https:\/\/arans.estrategiaspublicarte.com\/wpnew\/categoria-producto\/centro-de-bronceado-arans\/\" \/>\n<meta property=\"og:locale\" content=\"es_ES\" \/>\n<meta property=\"og:type\" content=\"article\" \/>\n<meta property=\"og:title\" content=\"Centro de Bronceado archivos - Depilaci\u00f3n Laser Arans\" \/>\n<meta property=\"og:description\" content=\"Bronceado uniforme y duradero con equipos profesionales de alta potencia en nuestro solarium de Avil\u00e9s.\" \/>\n<meta property=\"og:url\" content=\"https:\/\/arans.estrategiaspublicarte.com\/wpnew\/categoria-producto\/centro-de-bronceado-arans\/\" \/>\n<meta property=\"og:site_name\" content=\"Depilaci\u00f3n Laser Arans\" \/>\n<meta name=\"twitter:card\" content=\"summary_large_image\" \/>\n<script type=\"application\/ld+json\" class=\"yoast-schema-graph\">{\"@context\":\"https:\\\/\\\/schema.org\",\"@graph\":[{\"@type\":\"CollectionPage\",\"@id\":\"https:\\\/\\\/arans.estrategiaspublicarte.com\\\/wpnew\\\/categoria-producto\\\/centro-de-bronceado-arans\\\/\",\"url\":\"https:\\\/\\\/arans.estrategiaspublicarte.com\\\/wpnew\\\/categoria-producto\\\/centro-de-bronceado-arans\\\/\",\"name\":\"Centro de Bronceado archivos - Depilaci\u00f3n Laser Arans\",\"isPartOf\":{\"@id\":\"https:\\\/\\\/arans.estrategiaspublicarte.com\\\/wpnew\\\/#website\"},\"breadcrumb\":{\"@id\":\"https:\\\/\\\/arans.estrategiaspublicarte.com\\\/wpnew\\\/categoria-producto\\\/centro-de-bronceado-arans\\\/#breadcrumb\"},\"inLanguage\":\"es\"},{\"@type\":\"BreadcrumbList\",\"@id\":\"https:\\\/\\\/arans.estrategiaspublicarte.com\\\/wpnew\\\/categoria-producto\\\/centro-de-bronceado-arans\\\/#breadcrumb\",\"itemListElement\":[{\"@type\":\"ListItem\",\"position\":1,\"name\":\"Portada\",\"item\":\"https:\\\/\\\/arans.estrategiaspublicarte.com\\\/wpnew\\\/\"},{\"@type\":\"ListItem\",\"position\":2,\"name\":\"Centro de Bronceado\"}]},{\"@type\":\"WebSite\",\"@id\":\"https:\\\/\\\/arans.estrategiaspublicarte.com\\\/wpnew\\\/#website\",\"url\":\"https:\\\/\\\/arans.estrategiaspublicarte.com\\\/wpnew\\\/\",\"name\":\"Depilaci\u00f3n Laser Arans\",\"description\":\"Centro M\u00e9dico Est\u00e9tico Avil\u00e9s. Belleza y Salud\",\"potentialAction\":[{\"@type\":\"SearchAction\",\"target\":{\"@type\":\"EntryPoint\",\"urlTemplate\":\"https:\\\/\\\/arans.estrategiaspublicarte.com\\\/wpnew\\\/?s={search_term_string}\"},\"query-input\":{\"@type\":\"PropertyValueSpecification\",\"valueRequired\":true,\"valueName\":\"search_term_string\"}}],\"inLanguage\":\"es\"}]}<\/script>\n<!-- \/ Yoast SEO plugin. -->","yoast_head_json":{"title":"Centro de Bronceado archivos - Depilaci\u00f3n Laser Arans","robots":{"index":"index","follow":"follow","max-snippet":"max-snippet:-1","max-image-preview":"max-image-preview:large","max-video-preview":"max-video-preview:-1"},"canonical":"https:\/\/arans.estrategiaspublicarte.com\/wpnew\/categoria-producto\/centro-de-bronceado-arans\/","og_locale":"es_ES","og_type":"article","og_title":"Centro de Bronceado archivos - Depilaci\u00f3n Laser Arans","og_description":"Bronceado uniforme y duradero con equipos profesionales de alta potencia en nuestro solarium de Avil\u00e9s.","og_url":"https:\/\/arans.estrategiaspublicarte.com\/wpnew\/categoria-producto\/centro-de-bronceado-arans\/","og_site_name":"Depilaci\u00f3n Laser Arans","twitter_card":"summary_large_image","schema":{"@context":"https:\/\/schema.org","@graph":[{"@type":"CollectionPage","@id":"https:\/\/arans.estrategiaspublicarte.com\/wpnew\/categoria-producto\/centro-de-bronceado-arans\/","url":"https:\/\/arans.estrategiaspublicarte.com\/wpnew\/categoria-producto\/centro-de-bronceado-arans\/","name":"Centro de Bronceado archivos - Depilaci\u00f3n Laser Arans","isPartOf":{"@id":"https:\/\/arans.estrategiaspublicarte.com\/wpnew\/#website"},"breadcrumb":{"@id":"https:\/\/arans.estrategiaspublicarte.com\/wpnew\/categoria-producto\/centro-de-bronceado-arans\/#breadcrumb"},"inLanguage":"es"},{"@type":"BreadcrumbList","@id":"https:\/\/arans.estrategiaspublicarte.com\/wpnew\/categoria-producto\/centro-de-bronceado-arans\/#breadcrumb","itemListElement":[{"@type":"ListItem","position":1,"name":"Portada","item":"https:\/\/arans.estrategiaspublicarte.com\/wpnew\/"},{"@type":"ListItem","position":2,"name":"Centro de Bronceado"}]},{"@type":"WebSite","@id":"https:\/\/arans.estrategiaspublicarte.com\/wpnew\/#website","url":"https:\/\/arans.estrategiaspublicarte.com\/wpnew\/","name":"Depilaci\u00f3n Laser Arans","description":"Centro M\u00e9dico Est\u00e9tico Avil\u00e9s. Belleza y Salud","potentialAction":[{"@type":"SearchAction","target":{"@type":"EntryPoint","urlTemplate":"https:\/\/arans.estrategiaspublicarte.com\/wpnew\/?s={search_term_string}"},"query-input":{"@type":"PropertyValueSpecification","valueRequired":true,"valueName":"search_term_string"}}],"inLanguage":"es"}]}},"_links":{"self":[{"href":"https:\/\/arans.estrategiaspublicarte.com\/wpnew\/wp-json\/wp\/v2\/product_cat\/42","targetHints":{"allow":["GET"]}}],"collection":[{"href":"https:\/\/arans.estrategiaspublicarte.com\/wpnew\/wp-json\/wp\/v2\/product_cat"}],"about":[{"href":"https:\/\/arans.estrategiaspublicarte.com\/wpnew\/wp-json\/wp\/v2\/taxonomies\/product_cat"}],"wp:post_type":[{"href":"https:\/\/arans.estrategiaspublicarte.com\/wpnew\/wp-json\/wp\/v2\/product?product_cat=42"}],"curies":[{"name":"wp","href":"https:\/\/api.w.org\/{rel}","templated":true}]}}